{"id":397,"date":"2025-08-02T14:04:57","date_gmt":"2025-08-02T12:04:57","guid":{"rendered":"https:\/\/sipolis.fr\/sipolis.fr\/pages\/?p=397"},"modified":"2025-08-03T08:59:27","modified_gmt":"2025-08-03T06:59:27","slug":"sur-les-traces-des-cousins-sipolis","status":"publish","type":"post","link":"https:\/\/sipolis.fr\/sipolis.fr\/pages\/index.php\/2025\/08\/02\/sur-les-traces-des-cousins-sipolis\/","title":{"rendered":"Sur les traces des cousins Sipolis &#8230;."},"content":{"rendered":"\n<p class=\"has-text-align-right\">Archives de l&rsquo;Ari\u00e8ge &#8211; <strong><mark style=\"background-color:rgba(0, 0, 0, 0)\" class=\"has-inline-color has-vivid-red-color\">Cadastre de 1643 \u00e0 La Bastide de Lordat<\/mark><\/strong> : <a href=\"http:\/\/mdr-archives.ariege.fr\/mdr\/index.php\/docnumViewer\/calculHierarchieDocNum\/67664\/493:287422:287364:67664\/864\/1536\"><mark style=\"background-color:rgba(0, 0, 0, 0)\" class=\"has-inline-color has-vivid-red-color\"><strong>ICI<\/strong><\/mark><\/a><br><mark style=\"background-color:rgba(0, 0, 0, 0)\" class=\"has-inline-color has-vivid-red-color\"><strong>Jean Sipolit fils de Marq <\/strong><\/mark>&#8230;&#8230; <br>Dans l&rsquo;attente d&rsquo;un dernier document dat\u00e9, surement nos anc\u00eatres communs.<\/p>\n\n\n\n<figure class=\"wp-block-image size-large\"><img loading=\"lazy\" decoding=\"async\" width=\"1024\" height=\"833\" src=\"https:\/\/sipolis.fr\/sipolis.fr\/pages\/wp-content\/uploads\/2025\/08\/Jean-Sipolis-fils-de-Marc-1-1024x833.jpg\" alt=\"\" class=\"wp-image-407\" srcset=\"https:\/\/sipolis.fr\/sipolis.fr\/pages\/wp-content\/uploads\/2025\/08\/Jean-Sipolis-fils-de-Marc-1-1024x833.jpg 1024w, https:\/\/sipolis.fr\/sipolis.fr\/pages\/wp-content\/uploads\/2025\/08\/Jean-Sipolis-fils-de-Marc-1-300x244.jpg 300w, https:\/\/sipolis.fr\/sipolis.fr\/pages\/wp-content\/uploads\/2025\/08\/Jean-Sipolis-fils-de-Marc-1-768x625.jpg 768w, https:\/\/sipolis.fr\/sipolis.fr\/pages\/wp-content\/uploads\/2025\/08\/Jean-Sipolis-fils-de-Marc-1.jpg 1152w\" sizes=\"auto, (max-width: 767px) 89vw, (max-width: 1000px) 54vw, (max-width: 1071px) 543px, 580px\" \/><\/figure>\n\n\n\n<p class=\"has-text-align-right\">Archives de l&rsquo;Ari\u00e8ge &#8211;<mark style=\"background-color:rgba(0, 0, 0, 0)\" class=\"has-inline-color has-vivid-red-color\"><strong> Compoix de 1678 au Carlaret<\/strong><\/mark><strong> <\/strong>: <a href=\"http:\/\/mdr-archives.ariege.fr\/mdr\/index.php\/docnumViewer\/calculHierarchieDocNum\/65977\/608:291492:65977\/864\/1536\"><mark style=\"background-color:rgba(0, 0, 0, 0)\" class=\"has-inline-color has-vivid-red-color\"><strong>ICI<\/strong><\/mark><\/a><br>Bernard Sipolit dit Marsal <br> Jean Sipolit du quartier de Esparbi\u00e8<\/p>\n\n\n\n<figure class=\"wp-block-image size-large\"><img loading=\"lazy\" decoding=\"async\" width=\"1024\" height=\"531\" src=\"https:\/\/sipolis.fr\/sipolis.fr\/pages\/wp-content\/uploads\/2025\/08\/Jean-Sipolit-dit-Marssal-2-1024x531.jpg\" alt=\"\" class=\"wp-image-404\" srcset=\"https:\/\/sipolis.fr\/sipolis.fr\/pages\/wp-content\/uploads\/2025\/08\/Jean-Sipolit-dit-Marssal-2-1024x531.jpg 1024w, https:\/\/sipolis.fr\/sipolis.fr\/pages\/wp-content\/uploads\/2025\/08\/Jean-Sipolit-dit-Marssal-2-300x155.jpg 300w, https:\/\/sipolis.fr\/sipolis.fr\/pages\/wp-content\/uploads\/2025\/08\/Jean-Sipolit-dit-Marssal-2-768x398.jpg 768w, https:\/\/sipolis.fr\/sipolis.fr\/pages\/wp-content\/uploads\/2025\/08\/Jean-Sipolit-dit-Marssal-2.jpg 1341w\" sizes=\"auto, (max-width: 767px) 89vw, (max-width: 1000px) 54vw, (max-width: 1071px) 543px, 580px\" \/><\/figure>\n\n\n\n<figure class=\"wp-block-image size-large\"><img loading=\"lazy\" decoding=\"async\" width=\"1024\" height=\"257\" src=\"https:\/\/sipolis.fr\/sipolis.fr\/pages\/wp-content\/uploads\/2025\/08\/Jean-Sipolis-du-quartier-dEsparbie-1024x257.jpg\" alt=\"\" class=\"wp-image-399\" srcset=\"https:\/\/sipolis.fr\/sipolis.fr\/pages\/wp-content\/uploads\/2025\/08\/Jean-Sipolis-du-quartier-dEsparbie-1024x257.jpg 1024w, https:\/\/sipolis.fr\/sipolis.fr\/pages\/wp-content\/uploads\/2025\/08\/Jean-Sipolis-du-quartier-dEsparbie-300x75.jpg 300w, https:\/\/sipolis.fr\/sipolis.fr\/pages\/wp-content\/uploads\/2025\/08\/Jean-Sipolis-du-quartier-dEsparbie-768x193.jpg 768w, https:\/\/sipolis.fr\/sipolis.fr\/pages\/wp-content\/uploads\/2025\/08\/Jean-Sipolis-du-quartier-dEsparbie.jpg 1348w\" sizes=\"auto, (max-width: 767px) 89vw, (max-width: 1000px) 54vw, (max-width: 1071px) 543px, 580px\" \/><\/figure>\n\n\n\n<p class=\"has-text-align-right\">Aude : <strong><mark style=\"background-color:rgba(0, 0, 0, 0)\" class=\"has-inline-color has-vivid-red-color\">Journal \u00ab\u00a0Le Bon sens\u00a0\u00bb 17 avril 1883<\/mark><\/strong><br>Pr\u00e8s du \u00ab\u00a0trou du taureau\u00a0\u00bb \u00e0 Manse, la m\u00e9tairie dite Sipolis<\/p>\n\n\n<div class=\"wp-block-image\">\n<figure class=\"aligncenter size-large\"><img loading=\"lazy\" decoding=\"async\" width=\"345\" height=\"1024\" src=\"https:\/\/sipolis.fr\/sipolis.fr\/pages\/wp-content\/uploads\/2025\/08\/Saint-Amans-345x1024.jpg\" alt=\"\" class=\"wp-image-415\" srcset=\"https:\/\/sipolis.fr\/sipolis.fr\/pages\/wp-content\/uploads\/2025\/08\/Saint-Amans-345x1024.jpg 345w, https:\/\/sipolis.fr\/sipolis.fr\/pages\/wp-content\/uploads\/2025\/08\/Saint-Amans-101x300.jpg 101w, https:\/\/sipolis.fr\/sipolis.fr\/pages\/wp-content\/uploads\/2025\/08\/Saint-Amans-rotated.jpg 468w\" sizes=\"auto, (max-width: 345px) 100vw, 345px\" \/><\/figure>\n<\/div>\n\n\n<figure class=\"wp-block-gallery has-nested-images columns-default is-cropped wp-block-gallery-1 is-layout-flex wp-block-gallery-is-layout-flex\">\n<figure class=\"wp-block-image size-large\"><img loading=\"lazy\" decoding=\"async\" width=\"1024\" height=\"576\" data-id=\"410\" src=\"https:\/\/sipolis.fr\/sipolis.fr\/pages\/wp-content\/uploads\/2025\/08\/plan-Aude-Sipolis-31-1024x576.jpg\" alt=\"\" class=\"wp-image-410\" srcset=\"https:\/\/sipolis.fr\/sipolis.fr\/pages\/wp-content\/uploads\/2025\/08\/plan-Aude-Sipolis-31-1024x576.jpg 1024w, https:\/\/sipolis.fr\/sipolis.fr\/pages\/wp-content\/uploads\/2025\/08\/plan-Aude-Sipolis-31-300x169.jpg 300w, https:\/\/sipolis.fr\/sipolis.fr\/pages\/wp-content\/uploads\/2025\/08\/plan-Aude-Sipolis-31-768x432.jpg 768w, https:\/\/sipolis.fr\/sipolis.fr\/pages\/wp-content\/uploads\/2025\/08\/plan-Aude-Sipolis-31-1536x864.jpg 1536w, https:\/\/sipolis.fr\/sipolis.fr\/pages\/wp-content\/uploads\/2025\/08\/plan-Aude-Sipolis-31.jpg 1920w\" sizes=\"auto, (max-width: 767px) 89vw, (max-width: 1000px) 54vw, (max-width: 1071px) 543px, 580px\" \/><\/figure>\n<\/figure>\n\n\n\n<p class=\"has-text-align-right\"><mark style=\"background-color:rgba(0, 0, 0, 0)\" class=\"has-inline-color has-vivid-red-color\"><strong>Retrouver les photos du p\u00e9riple<\/strong><\/mark> <mark style=\"background-color:rgba(0, 0, 0, 0)\" class=\"has-inline-color has-vivid-red-color\"><strong>juillet 2025=>><\/strong><\/mark><a href=\"https:\/\/sipolis.fr\/2025\/pamiersegmt\/\"><mark style=\"background-color:rgba(0, 0, 0, 0)\" class=\"has-inline-color has-vivid-red-color\"><strong> ICI<\/strong><\/mark><\/a><\/p>\n\n\n\n<p><\/p>\n","protected":false},"excerpt":{"rendered":"<p>Archives de l&rsquo;Ari\u00e8ge &#8211; Cadastre de 1643 \u00e0 La Bastide de Lordat : ICIJean Sipolit fils de Marq &#8230;&#8230; Dans l&rsquo;attente d&rsquo;un dernier document dat\u00e9, surement nos anc\u00eatres communs. Archives de l&rsquo;Ari\u00e8ge &#8211; Compoix de 1678 au Carlaret : ICIBernard Sipolit dit Marsal Jean Sipolit du quartier de Esparbi\u00e8 Aude : Journal \u00ab\u00a0Le Bon sens\u00a0\u00bb &hellip; <\/p>\n<p class=\"link-more\"><a href=\"https:\/\/sipolis.fr\/sipolis.fr\/pages\/index.php\/2025\/08\/02\/sur-les-traces-des-cousins-sipolis\/\" class=\"more-link\">Continuer la lecture<span class=\"screen-reader-text\"> de &laquo;&nbsp;Sur les traces des cousins Sipolis &#8230;.&nbsp;&raquo;<\/span><\/a><\/p>\n","protected":false},"author":1,"featured_media":0,"comment_status":"closed","ping_status":"closed","sticky":false,"template":"","format":"standard","meta":{"footnotes":""},"categories":[1],"tags":[],"class_list":["post-397","post","type-post","status-publish","format-standard","hentry","category-non-classe"],"_links":{"self":[{"href":"https:\/\/sipolis.fr\/sipolis.fr\/pages\/index.php\/wp-json\/wp\/v2\/posts\/397","targetHints":{"allow":["GET"]}}],"collection":[{"href":"https:\/\/sipolis.fr\/sipolis.fr\/pages\/index.php\/wp-json\/wp\/v2\/posts"}],"about":[{"href":"https:\/\/sipolis.fr\/sipolis.fr\/pages\/index.php\/wp-json\/wp\/v2\/types\/post"}],"author":[{"embeddable":true,"href":"https:\/\/sipolis.fr\/sipolis.fr\/pages\/index.php\/wp-json\/wp\/v2\/users\/1"}],"replies":[{"embeddable":true,"href":"https:\/\/sipolis.fr\/sipolis.fr\/pages\/index.php\/wp-json\/wp\/v2\/comments?post=397"}],"version-history":[{"count":10,"href":"https:\/\/sipolis.fr\/sipolis.fr\/pages\/index.php\/wp-json\/wp\/v2\/posts\/397\/revisions"}],"predecessor-version":[{"id":417,"href":"https:\/\/sipolis.fr\/sipolis.fr\/pages\/index.php\/wp-json\/wp\/v2\/posts\/397\/revisions\/417"}],"wp:attachment":[{"href":"https:\/\/sipolis.fr\/sipolis.fr\/pages\/index.php\/wp-json\/wp\/v2\/media?parent=397"}],"wp:term":[{"taxonomy":"category","embeddable":true,"href":"https:\/\/sipolis.fr\/sipolis.fr\/pages\/index.php\/wp-json\/wp\/v2\/categories?post=397"},{"taxonomy":"post_tag","embeddable":true,"href":"https:\/\/sipolis.fr\/sipolis.fr\/pages\/index.php\/wp-json\/wp\/v2\/tags?post=397"}],"curies":[{"name":"wp","href":"https:\/\/api.w.org\/{rel}","templated":true}]}}