{"id":380,"date":"2025-03-26T06:12:58","date_gmt":"2025-03-26T05:12:58","guid":{"rendered":"https:\/\/sipolis.fr\/sipolis.fr\/pages\/?p=380"},"modified":"2025-08-03T09:03:38","modified_gmt":"2025-08-03T07:03:38","slug":"le-sanctuaire-de-caracas-sur-les-traces-de-michel-et-barthelemy-sipolis","status":"publish","type":"post","link":"https:\/\/sipolis.fr\/sipolis.fr\/pages\/index.php\/2025\/03\/26\/le-sanctuaire-de-caracas-sur-les-traces-de-michel-et-barthelemy-sipolis\/","title":{"rendered":"Le sanctuaire de Cara\u00e7as (Br\u00e9sil), sur les traces de Michel et Barth\u00e9l\u00e9my Sipolis&#8230;."},"content":{"rendered":"\n<figure class=\"wp-block-image size-full\"><img loading=\"lazy\" decoding=\"async\" width=\"379\" height=\"237\" src=\"https:\/\/sipolis.fr\/sipolis.fr\/pages\/wp-content\/uploads\/2025\/03\/caracas.jpg\" alt=\"\" class=\"wp-image-381\" srcset=\"https:\/\/sipolis.fr\/sipolis.fr\/pages\/wp-content\/uploads\/2025\/03\/caracas.jpg 379w, https:\/\/sipolis.fr\/sipolis.fr\/pages\/wp-content\/uploads\/2025\/03\/caracas-300x188.jpg 300w\" sizes=\"auto, (max-width: 379px) 100vw, 379px\" \/><figcaption class=\"wp-element-caption\"><a href=\"https:\/\/santuariodocaraca.com.br\/os-padres-da-missao\/\"> (copyright)<\/a> <a href=\"https:\/\/santuariodocaraca.com.br\/\">:  Portal Oficial do Santu\u00e1rio do Cara\u00e7a<\/a><\/figcaption><\/figure>\n\n\n\n<p>&#8230;&#8230;De\u00a0\u00a0<em>1863\u00a0<\/em>\u00a0\u00e0\u00a0<em>\u00a01866<\/em>\u00a0, avec la pr\u00e9sence du Grand S\u00e9minaire de Mariana \u00e0 Cara\u00e7a, les P\u00e8res Miguel S\u00edpolis et Bartolomeu S\u00edpolis, avec l&rsquo;approbation et l&rsquo;encouragement de Dom Vi\u00e7oso, \u00e9v\u00eaque de Mariana, construisirent le C\u00e9nacle (actuellement, la Chapelle du Sacr\u00e9-C\u0153ur), \u00e0 200 m du Sanctuaire, en direction de Carapu\u00e7a. Afin de ne pas surcharger les locaux du Coll\u00e8ge, nous pensons \u00e0 ce b\u00e2timent pour accueillir le S\u00e9minaire Interne et les enseignants qui reviennent de missions. Ils ont construit une chapelle et un b\u00e2timent de deux \u00e9tages pour 20 \u00e0 30 personnes, qui n&rsquo;a jamais \u00e9t\u00e9 utilis\u00e9 en raison du transfert de ses constructeurs et du manque d&rsquo;int\u00e9r\u00eat de la communaut\u00e9, en raison des difficult\u00e9s de localisation de la Sc\u00e8ne&#8230;&#8230;<a href=\"https:\/\/santuariodocaraca.com.br\/\" data-type=\"link\" data-id=\"https:\/\/santuariodocaraca.com.br\/\"> (copyright) : Portal Oficial do Santu\u00e1rio do Cara\u00e7a<\/a><\/p>\n\n\n\n<figure class=\"wp-block-image size-full\"><img loading=\"lazy\" decoding=\"async\" width=\"585\" height=\"390\" src=\"https:\/\/sipolis.fr\/sipolis.fr\/pages\/wp-content\/uploads\/2025\/03\/Lobo_Guara_no_Santuario_do_Caraca.jpg\" alt=\"\" class=\"wp-image-382\" srcset=\"https:\/\/sipolis.fr\/sipolis.fr\/pages\/wp-content\/uploads\/2025\/03\/Lobo_Guara_no_Santuario_do_Caraca.jpg 585w, https:\/\/sipolis.fr\/sipolis.fr\/pages\/wp-content\/uploads\/2025\/03\/Lobo_Guara_no_Santuario_do_Caraca-300x200.jpg 300w\" sizes=\"auto, (max-width: 585px) 100vw, 585px\" \/><figcaption class=\"wp-element-caption\"><a href=\"https:\/\/tiradentes-geographie.com\/2018\/10\/06\/le-sanctuaire-de-caraca-des-hommes-et-des-loups\/\">(Copyright ) : Le sanctuaire de Cara\u00e7a, des hommes et des loups<\/a><\/figcaption><\/figure>\n\n\n\n<p>&#8230;&#8230;&#8230;.Enfin, l\u2019histoire n\u2019y est \u00e9galement pas en reste.\u00a0 C\u2019est ce d\u00e9nuement christique que recherchait l\u2019empereur Pedro II lorsqu\u2019il se rendait\u00a0 dans le monast\u00e8re fond\u00e9 en 1770 par le religieux portugais.\u00a0 Le fr\u00e8re Louren\u00e7o avait choisi ce lieu isol\u00e9 pour y construire la chapelle de Nossa Senhora dos homens, de style baroque. En 1820, Le roi du Portugal, Jean VI, donna l\u2019ensemble de la possession de Louren\u00e7o, que celui-ci avait c\u00e9d\u00e9 en h\u00e9ritage \u00e0 la couronne portugaise, aux fr\u00e8res lazaristes portugais. Ceux-ci entreprirent alors la construction d\u2019une \u00e9cole et d\u2019un s\u00e9minaire. Ce coll\u00e8ge allait former, jusqu\u2019\u00e0 sa fermeture en 1968, un grand nombre de personnalit\u00e9s politiques et \u00e9conomiques du Br\u00e9sil dont deux pr\u00e9sidents de la r\u00e9publique.\u00a0&#8230;&#8230;. <a href=\"https:\/\/tiradentes-geographie.com\/\"> (copyright): Le sanctuaire de Cara\u00e7a, des hommes et des loups<\/a><\/p>\n","protected":false},"excerpt":{"rendered":"<p>&#8230;&#8230;De\u00a0\u00a01863\u00a0\u00a0\u00e0\u00a0\u00a01866\u00a0, avec la pr\u00e9sence du Grand S\u00e9minaire de Mariana \u00e0 Cara\u00e7a, les P\u00e8res Miguel S\u00edpolis et Bartolomeu S\u00edpolis, avec l&rsquo;approbation et l&rsquo;encouragement de Dom Vi\u00e7oso, \u00e9v\u00eaque de Mariana, construisirent le C\u00e9nacle (actuellement, la Chapelle du Sacr\u00e9-C\u0153ur), \u00e0 200 m du Sanctuaire, en direction de Carapu\u00e7a. Afin de ne pas surcharger les locaux du Coll\u00e8ge, nous &hellip; <\/p>\n<p class=\"link-more\"><a href=\"https:\/\/sipolis.fr\/sipolis.fr\/pages\/index.php\/2025\/03\/26\/le-sanctuaire-de-caracas-sur-les-traces-de-michel-et-barthelemy-sipolis\/\" class=\"more-link\">Continuer la lecture<span class=\"screen-reader-text\"> de &laquo;&nbsp;Le sanctuaire de Cara\u00e7as (Br\u00e9sil), sur les traces de Michel et Barth\u00e9l\u00e9my Sipolis&#8230;.&nbsp;&raquo;<\/span><\/a><\/p>\n","protected":false},"author":1,"featured_media":0,"comment_status":"closed","ping_status":"closed","sticky":false,"template":"","format":"standard","meta":{"footnotes":""},"categories":[12],"tags":[],"class_list":["post-380","post","type-post","status-publish","format-standard","hentry","category-bresil"],"_links":{"self":[{"href":"https:\/\/sipolis.fr\/sipolis.fr\/pages\/index.php\/wp-json\/wp\/v2\/posts\/380","targetHints":{"allow":["GET"]}}],"collection":[{"href":"https:\/\/sipolis.fr\/sipolis.fr\/pages\/index.php\/wp-json\/wp\/v2\/posts"}],"about":[{"href":"https:\/\/sipolis.fr\/sipolis.fr\/pages\/index.php\/wp-json\/wp\/v2\/types\/post"}],"author":[{"embeddable":true,"href":"https:\/\/sipolis.fr\/sipolis.fr\/pages\/index.php\/wp-json\/wp\/v2\/users\/1"}],"replies":[{"embeddable":true,"href":"https:\/\/sipolis.fr\/sipolis.fr\/pages\/index.php\/wp-json\/wp\/v2\/comments?post=380"}],"version-history":[{"count":6,"href":"https:\/\/sipolis.fr\/sipolis.fr\/pages\/index.php\/wp-json\/wp\/v2\/posts\/380\/revisions"}],"predecessor-version":[{"id":418,"href":"https:\/\/sipolis.fr\/sipolis.fr\/pages\/index.php\/wp-json\/wp\/v2\/posts\/380\/revisions\/418"}],"wp:attachment":[{"href":"https:\/\/sipolis.fr\/sipolis.fr\/pages\/index.php\/wp-json\/wp\/v2\/media?parent=380"}],"wp:term":[{"taxonomy":"category","embeddable":true,"href":"https:\/\/sipolis.fr\/sipolis.fr\/pages\/index.php\/wp-json\/wp\/v2\/categories?post=380"},{"taxonomy":"post_tag","embeddable":true,"href":"https:\/\/sipolis.fr\/sipolis.fr\/pages\/index.php\/wp-json\/wp\/v2\/tags?post=380"}],"curies":[{"name":"wp","href":"https:\/\/api.w.org\/{rel}","templated":true}]}}